{"id":891,"date":"2026-03-11T09:52:23","date_gmt":"2026-03-11T09:52:23","guid":{"rendered":"https:\/\/poeschic.co.uk\/blog\/?p=891"},"modified":"2026-03-11T09:53:01","modified_gmt":"2026-03-11T09:53:01","slug":"die-supernasen","status":"publish","type":"post","link":"https:\/\/poeschic.co.uk\/blog\/2026\/03\/11\/die-supernasen\/","title":{"rendered":"Die Supernasen"},"content":{"rendered":"\n<p>Mike Kr\u00fcger und Thomas Gottschalk \u2013 die Supernasen sind zur\u00fcck und haben zusammen \u00fcber 100 Jahre Showbiz auf dem Buckel. Da sammeln sich nicht nur unfassbar viele Gags in den Aktenschr\u00e4nken, sondern vor allem auch Geschichten. Die beiden beginnen ihren Podcast am Anfang ihrer Karriere und nehmen uns mit in die 80er. Freut euch auf fantastische Rubriken, Songs, die es nicht in die Charts geschafft haben, und unz\u00e4hlige Einblicke in die Welt der Promis, die ihr so noch nie geh\u00f6rt habt. Dabei machen die beiden vieles, aber eins nicht: Sich selbst zu ernst nehmen.<\/p>\n\n\n\n<figure class=\"wp-block-embed is-type-rich is-provider-spotify wp-block-embed-spotify wp-embed-aspect-21-9 wp-has-aspect-ratio\"><div class=\"wp-block-embed__wrapper\">\n<iframe title=\"Spotify Embed: Die R\u00fcckkehr der Supernasen\" style=\"border-radius: 12px\" width=\"100%\" height=\"152\" frameborder=\"0\" allowfullscreen allow=\"autoplay; clipboard-write; encrypted-media; fullscreen; picture-in-picture\" loading=\"lazy\" src=\"https:\/\/open.spotify.com\/embed\/show\/517mWdMZMPFhVHbeF23Sy2?si=11e463d812f74a68&amp;utm_source=oembed\"><\/iframe>\n<\/div><\/figure>\n\n\n\n<p>Ein Podcast fuer die alte Welt, die die noch normal ist, nicht indoktriniert oder gaslight oder woke. Hier wird noch gesagt, was heute anscheinend nicht mehr gesagt werden darf. Leider haben sich ein paar Lefties ueber den Podcast beschwert, so dass RTL+ letztlich nachgegeben und den Podcast eingestellt hat.<\/p>\n\n\n\n<p><\/p>\n","protected":false},"excerpt":{"rendered":"<p>Mike Kr\u00fcger und Thomas Gottschalk \u2013 die Supernasen sind zur\u00fcck und haben zusammen \u00fcber 100 Jahre Showbiz auf dem Buckel. Da sammeln sich nicht nur unfassbar viele Gags in den&#8230; <a href=\"https:\/\/poeschic.co.uk\/blog\/2026\/03\/11\/die-supernasen\/\">Read more &raquo;<\/a><\/p>\n","protected":false},"author":1,"featured_media":0,"comment_status":"closed","ping_status":"closed","sticky":false,"template":"","format":"standard","meta":{"footnotes":""},"categories":[70],"tags":[],"class_list":["post-891","post","type-post","status-publish","format-standard","hentry","category-podcast"],"_links":{"self":[{"href":"https:\/\/poeschic.co.uk\/blog\/wp-json\/wp\/v2\/posts\/891","targetHints":{"allow":["GET"]}}],"collection":[{"href":"https:\/\/poeschic.co.uk\/blog\/wp-json\/wp\/v2\/posts"}],"about":[{"href":"https:\/\/poeschic.co.uk\/blog\/wp-json\/wp\/v2\/types\/post"}],"author":[{"embeddable":true,"href":"https:\/\/poeschic.co.uk\/blog\/wp-json\/wp\/v2\/users\/1"}],"replies":[{"embeddable":true,"href":"https:\/\/poeschic.co.uk\/blog\/wp-json\/wp\/v2\/comments?post=891"}],"version-history":[{"count":2,"href":"https:\/\/poeschic.co.uk\/blog\/wp-json\/wp\/v2\/posts\/891\/revisions"}],"predecessor-version":[{"id":893,"href":"https:\/\/poeschic.co.uk\/blog\/wp-json\/wp\/v2\/posts\/891\/revisions\/893"}],"wp:attachment":[{"href":"https:\/\/poeschic.co.uk\/blog\/wp-json\/wp\/v2\/media?parent=891"}],"wp:term":[{"taxonomy":"category","embeddable":true,"href":"https:\/\/poeschic.co.uk\/blog\/wp-json\/wp\/v2\/categories?post=891"},{"taxonomy":"post_tag","embeddable":true,"href":"https:\/\/poeschic.co.uk\/blog\/wp-json\/wp\/v2\/tags?post=891"}],"curies":[{"name":"wp","href":"https:\/\/api.w.org\/{rel}","templated":true}]}}