{"id":807,"date":"2024-04-19T12:41:09","date_gmt":"2024-04-19T11:41:09","guid":{"rendered":"https:\/\/poeschic.co.uk\/blog\/?p=807"},"modified":"2024-07-12T23:20:38","modified_gmt":"2024-07-12T22:20:38","slug":"der-klassenlehrer","status":"publish","type":"post","link":"https:\/\/poeschic.co.uk\/blog\/2024\/04\/19\/der-klassenlehrer\/","title":{"rendered":"Der Klassenlehrer"},"content":{"rendered":"<div class=\"wp-block-image\">\n<figure class=\"alignleft size-large is-resized\"><img loading=\"lazy\" decoding=\"async\" width=\"654\" height=\"1024\" src=\"https:\/\/poeschic.co.uk\/blog\/wp-content\/uploads\/2024\/04\/HerrKahle-654x1024.jpg\" alt=\"\" class=\"wp-image-808\" style=\"width:211px;height:auto\" srcset=\"https:\/\/poeschic.co.uk\/blog\/wp-content\/uploads\/2024\/04\/HerrKahle-654x1024.jpg 654w, https:\/\/poeschic.co.uk\/blog\/wp-content\/uploads\/2024\/04\/HerrKahle-192x300.jpg 192w, https:\/\/poeschic.co.uk\/blog\/wp-content\/uploads\/2024\/04\/HerrKahle-768x1203.jpg 768w, https:\/\/poeschic.co.uk\/blog\/wp-content\/uploads\/2024\/04\/HerrKahle-624x977.jpg 624w, https:\/\/poeschic.co.uk\/blog\/wp-content\/uploads\/2024\/04\/HerrKahle.jpg 897w\" sizes=\"auto, (max-width: 654px) 100vw, 654px\" \/><\/figure>\n<\/div>\n\n\n<p>Noch im September hatten wir unser Klassentreffen, wo er wie ein Star gefeiert wurde. Das n\u00e4chste wurde schon f\u00fcr den 21. September 2025 geplant, zu seinem 100. Geburtstag, doch den wird es nun nicht geben. Am 23.03.2024 ist er \u00fcberraschend gestorben.<\/p>\n\n\n\n<p>Mein Klassenlehrer von der 5. &#8211; 10. Klasse, er unterrichtete Deutsch und Geschichte. Von ihm haben wir viel gelernt. Er war einer der Neu-Lehrer, die nach dem 2. Weltkrieg zum Lehrer umschulten. Und unsere Eltern waren stolz wie Oscar, da er damals der einzige Mann war, der die Verantwortung einer Klasse \u00fcbernommen hatte.<\/p>\n\n\n\n<p>23.03.2024 &#8211; Hans-Joachim Kahle (Klassenlehrer), stirbt mit 98 Jahren.<\/p>\n","protected":false},"excerpt":{"rendered":"<p>Noch im September hatten wir unser Klassentreffen, wo er wie ein Star gefeiert wurde. Das n\u00e4chste wurde schon f\u00fcr den 21. September 2025 geplant, zu seinem 100. Geburtstag, doch den&#8230; <a href=\"https:\/\/poeschic.co.uk\/blog\/2024\/04\/19\/der-klassenlehrer\/\">Read more &raquo;<\/a><\/p>\n","protected":false},"author":1,"featured_media":0,"comment_status":"closed","ping_status":"closed","sticky":false,"template":"","format":"standard","meta":{"footnotes":""},"categories":[1,50],"tags":[],"class_list":["post-807","post","type-post","status-publish","format-standard","hentry","category-allgemein","category-farewells"],"_links":{"self":[{"href":"https:\/\/poeschic.co.uk\/blog\/wp-json\/wp\/v2\/posts\/807","targetHints":{"allow":["GET"]}}],"collection":[{"href":"https:\/\/poeschic.co.uk\/blog\/wp-json\/wp\/v2\/posts"}],"about":[{"href":"https:\/\/poeschic.co.uk\/blog\/wp-json\/wp\/v2\/types\/post"}],"author":[{"embeddable":true,"href":"https:\/\/poeschic.co.uk\/blog\/wp-json\/wp\/v2\/users\/1"}],"replies":[{"embeddable":true,"href":"https:\/\/poeschic.co.uk\/blog\/wp-json\/wp\/v2\/comments?post=807"}],"version-history":[{"count":2,"href":"https:\/\/poeschic.co.uk\/blog\/wp-json\/wp\/v2\/posts\/807\/revisions"}],"predecessor-version":[{"id":831,"href":"https:\/\/poeschic.co.uk\/blog\/wp-json\/wp\/v2\/posts\/807\/revisions\/831"}],"wp:attachment":[{"href":"https:\/\/poeschic.co.uk\/blog\/wp-json\/wp\/v2\/media?parent=807"}],"wp:term":[{"taxonomy":"category","embeddable":true,"href":"https:\/\/poeschic.co.uk\/blog\/wp-json\/wp\/v2\/categories?post=807"},{"taxonomy":"post_tag","embeddable":true,"href":"https:\/\/poeschic.co.uk\/blog\/wp-json\/wp\/v2\/tags?post=807"}],"curies":[{"name":"wp","href":"https:\/\/api.w.org\/{rel}","templated":true}]}}