{"id":760,"date":"2023-09-14T17:55:11","date_gmt":"2023-09-14T16:55:11","guid":{"rendered":"https:\/\/poeschic.co.uk\/blog\/?p=760"},"modified":"2026-03-11T09:12:41","modified_gmt":"2026-03-11T09:12:41","slug":"true-crime-unter-verdacht","status":"publish","type":"post","link":"https:\/\/poeschic.co.uk\/blog\/2023\/09\/14\/true-crime-unter-verdacht\/","title":{"rendered":"TRUE CRIME &#8211; Unter Verdacht"},"content":{"rendered":"\n<p>Wer wird hier zu Recht, wer zu Unrecht verd\u00e4chtigt? Was, wenn Menschen unschuldig verurteilt werden und ihnen niemand glaubt? Oder andersherum: Wenn der wahre T\u00e4ter oder die wahre T\u00e4terin ohne Strafe davonkommen? &#8222;Unter Verdacht&#8220; &#8211; In der 7. Staffel des erfolgreichen BAYERN 3 True Crime Podcasts sprechen Strafverteidiger Dr. Alexander Stevens und BAYERN 3 Moderatorin Jacqueline Belle \u00fcber neue spannende Kriminalf\u00e4lle. Diesmal geht es um Menschen, die unter Verdacht geraten sind. Wer ist schuldig? Wer l\u00fcgt, wer sagt die Wahrheit? Und werden am Ende immer die Richtigen verurteilt?<\/p>\n\n\n\n<figure class=\"wp-block-embed is-type-video is-provider-spotify wp-block-embed-spotify wp-embed-aspect-21-9 wp-has-aspect-ratio\"><div class=\"wp-block-embed__wrapper\">\n<iframe title=\"Spotify Embed: #03 Der Auftrag\" style=\"border-radius: 12px\" width=\"624\" height=\"351\" frameborder=\"0\" allowfullscreen allow=\"autoplay; clipboard-write; encrypted-media; fullscreen; picture-in-picture\" loading=\"lazy\" src=\"https:\/\/open.spotify.com\/embed\/show\/6f7HlvN3ukmg7wCdB4zsFT\/video?si=1ed15bbd6d004691&amp;utm_source=oembed\"><\/iframe>\n<\/div><\/figure>\n\n\n\n<p>Die neue Staffel hat neue Hosts. Anscheinend haben Alexander Stevens und Jaqueline Belle haben die woke H\u00f6rerschaft ver\u00e4rgert.  Wer weiterhin den Beiden treu bleiben m\u00f6chte, kann dies bei <strong><a href=\"https:\/\/open.spotify.com\/show\/6Rx0J6NnolKMXERi8Fmsjy?si=9363d53237414e47\" data-type=\"link\" data-id=\"https:\/\/open.spotify.com\/show\/6Rx0J6NnolKMXERi8Fmsjy?si=9363d53237414e47\">True Crime &#8211; 187<\/a><\/strong>  machen.<\/p>\n\n\n\n<p>Das folgende sagt Google zu meiner Anfrage &#8222;Was ist mit dem BR3 podcast passiert?&#8220;<\/p>\n\n\n\n<p>Der BR beendet nach massiver Kritik die Zusammenarbeit mit Strafverteidiger Alexander Stevens beim Podcast \u201e<a href=\"https:\/\/www.google.com\/search?q=Bayern+3+True+Crime&amp;sca_esv=86e100241312b1c8&amp;biw=2091&amp;bih=1022&amp;sxsrf=ANbL-n5VfVJinyPRBEJNFHjsURm86FWwHw%3A1773219671959&amp;ei=Vy-xaY-YOuOEhbIP26T_CA&amp;oq=was+ist+mit+dem+BR3&amp;gs_lp=Egxnd3Mtd2l6LXNlcnAiE3dhcyBpc3QgbWl0IGRlbSBCUjMqAggBMgUQIRigATIFECEYoAFIlHNQhBRY5mBwAXgAkAEAmAF0oAHwDKoBBDE2LjO4AQPIAQD4AQGYAhSgAtgNwgIOEAAYgAQYsAMYhgMYigXCAggQABiwAxjvBcICChAjGPAFGCcYyQLCAgQQIxgnwgILEAAYgAQYkQIYigXCAgsQLhiABBixAxiDAcICCxAAGIAEGLEDGIMBwgIKEAAYgAQYQxiKBcICBRAAGIAEwgIMECMYgAQYExgnGIoFwgILEC4YgAQYkQIYigXCAgoQLhiABBhDGIoFwgITEC4YgAQYsQMY0QMYQxjHARiKBcICDhAuGIAEGMcBGI4FGK8BwgIIEAAYgAQYsQPCAhAQABiABBixAxhDGIMBGIoFwgIQEC4YgAQYsQMYQxiDARiKBcICCBAuGIAEGLEDwgIOEAAYgAQYsQMYgwEYigXCAgUQLhiABMICERAuGIAEGMcBGMsBGI4FGK8BwgIIEAAYgAQYywHCAiAQLhiABBjHARjLARiOBRivARiXBRjcBBjeBBjgBNgBAZgDAIgGAZAGA7oGBggBEAEYFJIHBDE1LjWgB629AbIHBDE0LjW4B9YNwgcIMC40LjE1LjHIB1mACAA&amp;sclient=gws-wiz-serp&amp;mstk=AUtExfCKMJIjYHuWp3oigMX65G3K0vN1pYJ9jnhFLSwv0rwva7R8qvz3uDCFsQNnjfVVLQ7jhb1S_RerXOTOa1ZIB0z_Gw6qlH6NuwGL7ukX926VjUMlkDz3VNaFn6NSJn9Cyr6HasDBW6Zz9hcamviDGQ2BTrHhG8mv8LkZUwlsZujaqBcCPj2LLOkCUn_9s0446DbHDcNJyA8465hjBRFaWqDoAT6AfqNk1j6RjDHt9408-6j0THHF8GOmVNDODH9c0moD1KXWnAGnvuHVU_F6w3OF&amp;csui=3&amp;ved=2ahUKEwjo_rqPvpeTAxW0UkEAHebKELEQgK4QegQIARAC\">Bayern 3 True Crime<\/a>\u201c nach der achten Staffel (Ende Juli 2025). Das Format wird inhaltlich und personell neu aufgestellt, da der Podcast sowie zugeh\u00f6rige Live-Shows wegen Piet\u00e4tlosigkeit und mangelndem Opferschutz in der Kritik standen.<\/p>\n\n\n\n<p><strong>Hintergrund und Details:<\/strong><\/p>\n\n\n\n<ul class=\"wp-block-list\">\n<li><strong>Aus f\u00fcr Stevens:<\/strong>\u00a0Der BR trennt sich von dem Anwalt, der den Podcast seit 2020 mit Moderatorin Jacqueline Belle pr\u00e4sentierte.<\/li>\n\n\n\n<li><strong>Kritik:<\/strong>\u00a0Der Podcast wurde f\u00fcr einen zu humorigen Ton bei schweren Gewaltverbrechen kritisiert. Zudem gab es Vorw\u00fcrfe, F\u00e4lle w\u00fcrden rei\u00dferisch aufbereitet.<\/li>\n\n\n\n<li><strong>Live-Show Probleme:<\/strong>\u00a0Nach Beschwerden von Hinterbliebenen eines Mordopfers \u00fcber die B\u00fchnenshow \u201eT\u00f6dliche Liebe\u201c distanzierte sich der BR und zog sein Logo zur\u00fcck.<\/li>\n\n\n\n<li><strong>Neuausrichtung:<\/strong>\u00a0Der Podcast soll in einer neuen Form fortgesetzt werden, wobei der Fokus st\u00e4rker auf dem Opferschutz liegen soll.\u00a0<\/li>\n<\/ul>\n\n\n\n<p>Der Podcast z\u00e4hlte zu den erfolgreichsten True-Crime-Formaten in Deutschland.<\/p>\n\n\n\n<p><\/p>\n","protected":false},"excerpt":{"rendered":"<p>Wer wird hier zu Recht, wer zu Unrecht verd\u00e4chtigt? Was, wenn Menschen unschuldig verurteilt werden und ihnen niemand glaubt? Oder andersherum: Wenn der wahre T\u00e4ter oder die wahre T\u00e4terin ohne&#8230; <a href=\"https:\/\/poeschic.co.uk\/blog\/2023\/09\/14\/true-crime-unter-verdacht\/\">Read more &raquo;<\/a><\/p>\n","protected":false},"author":1,"featured_media":0,"comment_status":"closed","ping_status":"closed","sticky":false,"template":"","format":"standard","meta":{"footnotes":""},"categories":[5,70],"tags":[69,68],"class_list":["post-760","post","type-post","status-publish","format-standard","hentry","category-entertainment","category-podcast","tag-podcast","tag-true-crime"],"_links":{"self":[{"href":"https:\/\/poeschic.co.uk\/blog\/wp-json\/wp\/v2\/posts\/760","targetHints":{"allow":["GET"]}}],"collection":[{"href":"https:\/\/poeschic.co.uk\/blog\/wp-json\/wp\/v2\/posts"}],"about":[{"href":"https:\/\/poeschic.co.uk\/blog\/wp-json\/wp\/v2\/types\/post"}],"author":[{"embeddable":true,"href":"https:\/\/poeschic.co.uk\/blog\/wp-json\/wp\/v2\/users\/1"}],"replies":[{"embeddable":true,"href":"https:\/\/poeschic.co.uk\/blog\/wp-json\/wp\/v2\/comments?post=760"}],"version-history":[{"count":2,"href":"https:\/\/poeschic.co.uk\/blog\/wp-json\/wp\/v2\/posts\/760\/revisions"}],"predecessor-version":[{"id":884,"href":"https:\/\/poeschic.co.uk\/blog\/wp-json\/wp\/v2\/posts\/760\/revisions\/884"}],"wp:attachment":[{"href":"https:\/\/poeschic.co.uk\/blog\/wp-json\/wp\/v2\/media?parent=760"}],"wp:term":[{"taxonomy":"category","embeddable":true,"href":"https:\/\/poeschic.co.uk\/blog\/wp-json\/wp\/v2\/categories?post=760"},{"taxonomy":"post_tag","embeddable":true,"href":"https:\/\/poeschic.co.uk\/blog\/wp-json\/wp\/v2\/tags?post=760"}],"curies":[{"name":"wp","href":"https:\/\/api.w.org\/{rel}","templated":true}]}}