{"id":731,"date":"2023-09-08T11:53:59","date_gmt":"2023-09-08T10:53:59","guid":{"rendered":"https:\/\/poeschic.co.uk\/blog\/?p=731"},"modified":"2023-10-26T10:14:00","modified_gmt":"2023-10-26T09:14:00","slug":"2023-bis-hierher","status":"publish","type":"post","link":"https:\/\/poeschic.co.uk\/blog\/2023\/09\/08\/2023-bis-hierher\/","title":{"rendered":"2023 bis hierher"},"content":{"rendered":"\n<p>2023 und ein neues Hamsterrad Jahr hat begonnen. Die Covid Pandemie hat uns immer noch im Griff wenn es auch etwas in den Hintergrund getreten ist.<\/p>\n\n\n\n<p>Mein Jahr fing mit drei Tagen Urlaub an, die ich auch dringend n\u00f6tig habe. Ich f\u00fchle mich exhausted, m\u00fcde und leer. Schon der Gedanke an die 15-20 Jahre, die mir arbeitstechnisch noch vor mir liegen, entziehen mir s\u00e4mtliche Lebensenergie.<\/p>\n\n\n\n<figure class=\"wp-block-image size-large\"><img loading=\"lazy\" decoding=\"async\" width=\"1024\" height=\"682\" src=\"https:\/\/poeschic.co.uk\/blog\/wp-content\/uploads\/2023\/01\/charles_elizabeth-1024x682.webp\" alt=\"\" class=\"wp-image-642\" srcset=\"https:\/\/poeschic.co.uk\/blog\/wp-content\/uploads\/2023\/01\/charles_elizabeth-1024x682.webp 1024w, https:\/\/poeschic.co.uk\/blog\/wp-content\/uploads\/2023\/01\/charles_elizabeth-300x200.webp 300w, https:\/\/poeschic.co.uk\/blog\/wp-content\/uploads\/2023\/01\/charles_elizabeth-768x512.webp 768w, https:\/\/poeschic.co.uk\/blog\/wp-content\/uploads\/2023\/01\/charles_elizabeth-1536x1024.webp 1536w, https:\/\/poeschic.co.uk\/blog\/wp-content\/uploads\/2023\/01\/charles_elizabeth-624x416.webp 624w, https:\/\/poeschic.co.uk\/blog\/wp-content\/uploads\/2023\/01\/charles_elizabeth.webp 2000w\" sizes=\"auto, (max-width: 1024px) 100vw, 1024px\" \/><\/figure>\n\n\n\n<p>Und nach dem Tod der Queen im September 2022 ist ihr \u00e4ltester Sohn Charles nun K\u00f6nig. Dieses Jahr ist die Coronation des neuen Kings &#8211; Charles III.<\/p>\n\n\n\n<p>Was mit dem Krieg in der Ukraine noch wird, werden wir sehen. Ich hoffe, Putin kommt zu Sinnen und beendet dieses sinnlose t\u00f6ten.<\/p>\n\n\n\n<p><strong>7. Oktober<\/strong><\/p>\n\n\n\n<p>Zu DDR-Zeiten war das der Nationalfeiertag der DDR. Heute ist dieser Tag \u00fcberschattet durch den Angriff der Hamas auf Israel. Warum gibt es diesen Hass zwischen den Moslems und den Juden. Dazu muss man vermutlich in das Jahr 1948 zur\u00fcckreisen. Am 14. Mai 1948 &#8211; dem Tag der Niederlegung des britischen Mandats &#8211; rief der F\u00fchrer der zionistisch-sozialistischen Arbeiterpartei Israels David Ben-Gurion den Staat Israel aus.<\/p>\n","protected":false},"excerpt":{"rendered":"<p>2023 und ein neues Hamsterrad Jahr hat begonnen. Die Covid Pandemie hat uns immer noch im Griff wenn es auch etwas in den Hintergrund getreten ist. Mein Jahr fing mit&#8230; <a href=\"https:\/\/poeschic.co.uk\/blog\/2023\/09\/08\/2023-bis-hierher\/\">Read more &raquo;<\/a><\/p>\n","protected":false},"author":1,"featured_media":0,"comment_status":"closed","ping_status":"closed","sticky":false,"template":"","format":"standard","meta":{"footnotes":""},"categories":[1],"tags":[],"class_list":["post-731","post","type-post","status-publish","format-standard","hentry","category-allgemein"],"_links":{"self":[{"href":"https:\/\/poeschic.co.uk\/blog\/wp-json\/wp\/v2\/posts\/731","targetHints":{"allow":["GET"]}}],"collection":[{"href":"https:\/\/poeschic.co.uk\/blog\/wp-json\/wp\/v2\/posts"}],"about":[{"href":"https:\/\/poeschic.co.uk\/blog\/wp-json\/wp\/v2\/types\/post"}],"author":[{"embeddable":true,"href":"https:\/\/poeschic.co.uk\/blog\/wp-json\/wp\/v2\/users\/1"}],"replies":[{"embeddable":true,"href":"https:\/\/poeschic.co.uk\/blog\/wp-json\/wp\/v2\/comments?post=731"}],"version-history":[{"count":4,"href":"https:\/\/poeschic.co.uk\/blog\/wp-json\/wp\/v2\/posts\/731\/revisions"}],"predecessor-version":[{"id":771,"href":"https:\/\/poeschic.co.uk\/blog\/wp-json\/wp\/v2\/posts\/731\/revisions\/771"}],"wp:attachment":[{"href":"https:\/\/poeschic.co.uk\/blog\/wp-json\/wp\/v2\/media?parent=731"}],"wp:term":[{"taxonomy":"category","embeddable":true,"href":"https:\/\/poeschic.co.uk\/blog\/wp-json\/wp\/v2\/categories?post=731"},{"taxonomy":"post_tag","embeddable":true,"href":"https:\/\/poeschic.co.uk\/blog\/wp-json\/wp\/v2\/tags?post=731"}],"curies":[{"name":"wp","href":"https:\/\/api.w.org\/{rel}","templated":true}]}}