{"id":553,"date":"2022-02-24T09:58:00","date_gmt":"2022-02-24T09:58:00","guid":{"rendered":"https:\/\/poeschic.co.uk\/blog\/?p=553"},"modified":"2022-02-27T10:13:21","modified_gmt":"2022-02-27T10:13:21","slug":"krieg-in-der-ukraine","status":"publish","type":"post","link":"https:\/\/poeschic.co.uk\/blog\/2022\/02\/24\/krieg-in-der-ukraine\/","title":{"rendered":"Krieg in der Ukraine"},"content":{"rendered":"\n<p>Es musste so kommen, mit einem Demagogen aus dem kalten Krieg im Kreml. Ich habe es schon weit fr\u00fcher erwartet. Leider ist nun der Tag da. Was wird als n\u00e4chstes passieren? Welches Land wird das n\u00e4chste sein, welches &#8222;entnazifiziert und entmilitarisiert&#8220; werden muss?<\/p>\n\n\n\n<p>Die Ukraine &#8211; Ein Land, welches im Vergleich zu Russland winzig ist, muss eine unglaubliche Gefahr f\u00fcr Putin gewesen sein, dass er einmarschieren und es dem Boden gleich machen muss. Ja, verst\u00e4ndlich. Ha-Ha, Sarkasmus-Modus aus.<\/p>\n\n\n\n<p>Alles daran erinnert mich an 1939, als Polen angegriffen wurde &#8211; damals von Nazi-Deutschland. Die Krim war vergleichbar mit Sudetenland. Geschichte wiederholt sich. Warum lernen Menschen nicht???<\/p>\n\n\n\n<p>Dabei verh\u00e4lt sich die Welt, diesmal mit Deutschland auf der guten Seite, wie verschreckte Rehe, die ins Scheinwerferlicht schauen und erstarrt zuschauen, wie das Grauen immer n\u00e4her kommt. Putin droht mit noch mehr Gewalt und Zerst\u00f6rung, falls sich jemand einmischt. Die &#8222;Welt&#8220; droht mit Sanktionen, die niemandem wirklich wehtun, weil sie zu sp\u00e4t kommen. Und die Ukraine schreit nach Hilfe und weiss doch, dass die vermutlich entweder zu sp\u00e4t oder gar nicht kommen wird. Traurig.<\/p>\n\n\n\n<p>Gerade haben wir alle die Corona Pandemie so einigerma\u00dfen \u00fcberstanden und jetzt das. Warum ist Putin nicht an Covid verreckt? Aber h\u00e4tte das wirklich was ge\u00e4ndert? Wissen wir, dass es seine alleinige Entscheidung war, oder steht da eine ganze Bande\/Regierung dahinter? Ich bin verwirrt und habe Angst dar\u00fcber nachzudenken, was dieser Mensch als n\u00e4chstes vorhat.<\/p>\n","protected":false},"excerpt":{"rendered":"<p>Es musste so kommen, mit einem Demagogen aus dem kalten Krieg im Kreml. Ich habe es schon weit fr\u00fcher erwartet. Leider ist nun der Tag da. Was wird als n\u00e4chstes&#8230; <a href=\"https:\/\/poeschic.co.uk\/blog\/2022\/02\/24\/krieg-in-der-ukraine\/\">Read more &raquo;<\/a><\/p>\n","protected":false},"author":1,"featured_media":0,"comment_status":"closed","ping_status":"open","sticky":false,"template":"","format":"standard","meta":{"footnotes":""},"categories":[1,36],"tags":[63,66,64,65],"class_list":["post-553","post","type-post","status-publish","format-standard","hentry","category-allgemein","category-news","tag-europa","tag-krieg","tag-russland","tag-ukraine"],"_links":{"self":[{"href":"https:\/\/poeschic.co.uk\/blog\/wp-json\/wp\/v2\/posts\/553","targetHints":{"allow":["GET"]}}],"collection":[{"href":"https:\/\/poeschic.co.uk\/blog\/wp-json\/wp\/v2\/posts"}],"about":[{"href":"https:\/\/poeschic.co.uk\/blog\/wp-json\/wp\/v2\/types\/post"}],"author":[{"embeddable":true,"href":"https:\/\/poeschic.co.uk\/blog\/wp-json\/wp\/v2\/users\/1"}],"replies":[{"embeddable":true,"href":"https:\/\/poeschic.co.uk\/blog\/wp-json\/wp\/v2\/comments?post=553"}],"version-history":[{"count":3,"href":"https:\/\/poeschic.co.uk\/blog\/wp-json\/wp\/v2\/posts\/553\/revisions"}],"predecessor-version":[{"id":557,"href":"https:\/\/poeschic.co.uk\/blog\/wp-json\/wp\/v2\/posts\/553\/revisions\/557"}],"wp:attachment":[{"href":"https:\/\/poeschic.co.uk\/blog\/wp-json\/wp\/v2\/media?parent=553"}],"wp:term":[{"taxonomy":"category","embeddable":true,"href":"https:\/\/poeschic.co.uk\/blog\/wp-json\/wp\/v2\/categories?post=553"},{"taxonomy":"post_tag","embeddable":true,"href":"https:\/\/poeschic.co.uk\/blog\/wp-json\/wp\/v2\/tags?post=553"}],"curies":[{"name":"wp","href":"https:\/\/api.w.org\/{rel}","templated":true}]}}