{"id":166,"date":"2012-03-19T11:39:00","date_gmt":"2012-03-19T11:39:00","guid":{"rendered":"https:\/\/poeschic.co.uk\/blog\/?p=166"},"modified":"2021-08-15T11:19:51","modified_gmt":"2021-08-15T10:19:51","slug":"der-erste-tag-zurueck","status":"publish","type":"post","link":"https:\/\/poeschic.co.uk\/blog\/2012\/03\/19\/der-erste-tag-zurueck\/","title":{"rendered":"Der erste Tag zur\u00fcck"},"content":{"rendered":"\n<p>Heute war mein erster Arbeitstag nach 3 Wochen Krankheit. Ich h\u00e4tte es durchaus noch eine Woche ausgehalten, aber man soll auf den Doktor h\u00f6ren und der meinte, es w\u00e4re nicht gut, wenn ich noch l\u00e4nger allein zu Hause geblieben w\u00e4re. Und wahrscheinlich hat er Recht. Das einzige, was ich toll fand, war das lange ausschlafen und das rumh\u00e4ngen und das lesen den ganzen Tag. Ich hatte mir eigentlich vorgenommen, w\u00e4hrend meiner Zeit off, meine Kindle Sachen weiterzumachen und Star Trek B\u00fccher zu formatieren. <\/p>\n\n\n\n<p>Gemacht? Hab ich nichts. Naja, wer wei\u00df, vielleicht war es gut so. <\/p>\n\n\n\n<p>Ich war ja im Kino, jede Woche einmal, obwohl ich die Zeit besser nutzen wollte, aber ich habe den A**** einfach nicht hochgekriegt. Nun ich habe &#8222;The Best Exotic Marigold Hotel&#8220;, &#8222;The Artist&#8220; und &#8222;Kahaani&#8220; gesehen und alle waren toll. Nunja, ich h\u00e4tte die Zeit besser nutzen k\u00f6nnen, aber ist das nicht der Grund f\u00fcr mein Zusammenbruch gewesen? Weil ich mir so viel vorgenommen habe und nicht wusste, wo ich zuerst anfangen sollte? Heute war wie gesagt mein erster Tag back at work. Es war okay, nicht zu stressig, aber gesch\u00e4ftig genug, um nicht in langeweile zu verfallen. Der Hammer war das Bild von Marco Kelly, das ich heute in der Kantine entdeckt habe. Unglaublich! Ich fass&#8216; es nicht!!!<\/p>\n","protected":false},"excerpt":{"rendered":"<p>Heute war mein erster Arbeitstag nach 3 Wochen Krankheit. Ich h\u00e4tte es durchaus noch eine Woche ausgehalten, aber man soll auf den Doktor h\u00f6ren und der meinte, es w\u00e4re nicht&#8230; <a href=\"https:\/\/poeschic.co.uk\/blog\/2012\/03\/19\/der-erste-tag-zurueck\/\">Read more &raquo;<\/a><\/p>\n","protected":false},"author":1,"featured_media":0,"comment_status":"open","ping_status":"closed","sticky":false,"template":"","format":"standard","meta":{"footnotes":""},"categories":[1],"tags":[],"class_list":["post-166","post","type-post","status-publish","format-standard","hentry","category-allgemein"],"_links":{"self":[{"href":"https:\/\/poeschic.co.uk\/blog\/wp-json\/wp\/v2\/posts\/166","targetHints":{"allow":["GET"]}}],"collection":[{"href":"https:\/\/poeschic.co.uk\/blog\/wp-json\/wp\/v2\/posts"}],"about":[{"href":"https:\/\/poeschic.co.uk\/blog\/wp-json\/wp\/v2\/types\/post"}],"author":[{"embeddable":true,"href":"https:\/\/poeschic.co.uk\/blog\/wp-json\/wp\/v2\/users\/1"}],"replies":[{"embeddable":true,"href":"https:\/\/poeschic.co.uk\/blog\/wp-json\/wp\/v2\/comments?post=166"}],"version-history":[{"count":2,"href":"https:\/\/poeschic.co.uk\/blog\/wp-json\/wp\/v2\/posts\/166\/revisions"}],"predecessor-version":[{"id":432,"href":"https:\/\/poeschic.co.uk\/blog\/wp-json\/wp\/v2\/posts\/166\/revisions\/432"}],"wp:attachment":[{"href":"https:\/\/poeschic.co.uk\/blog\/wp-json\/wp\/v2\/media?parent=166"}],"wp:term":[{"taxonomy":"category","embeddable":true,"href":"https:\/\/poeschic.co.uk\/blog\/wp-json\/wp\/v2\/categories?post=166"},{"taxonomy":"post_tag","embeddable":true,"href":"https:\/\/poeschic.co.uk\/blog\/wp-json\/wp\/v2\/tags?post=166"}],"curies":[{"name":"wp","href":"https:\/\/api.w.org\/{rel}","templated":true}]}}