{"id":162,"date":"2012-01-26T11:36:07","date_gmt":"2012-01-26T11:36:07","guid":{"rendered":"https:\/\/poeschic.co.uk\/blog\/?p=162"},"modified":"2020-11-23T11:37:28","modified_gmt":"2020-11-23T11:37:28","slug":"meine-kleine-omi","status":"publish","type":"post","link":"https:\/\/poeschic.co.uk\/blog\/2012\/01\/26\/meine-kleine-omi\/","title":{"rendered":"Meine kleine Omi"},"content":{"rendered":"\n<p>Was habe ich geschrieben Anfang Januar \u00fcber dieses &#8222;besondere&#8220; Jahr? So und nun haben wir schon das erste besondere Ereignis. Meine Omi ist gestorben und ich kann und will das einfach nicht glauben. Sie war doch okay?! Ich habe doch noch ein paar Tage vorher mit ihr telefoniert?! Ja, sie hatte ein bisschen eine kr\u00e4chzige Stimme, aber das kam von der Erk\u00e4ltung, die sie sich irgendwo eingefangen hatte. Aber sie kann doch nicht mir nichts dir nichts einfach so sterben. Sie war doch noch nicht mal wirklich krank! Ich finde das extrem unfair!<\/p>\n\n\n\n<p>Jedenfalls: Am 9.Januar um 10.51 fr\u00fch, ich war auf Arbeit, bekomme ich einen Anruf von meiner Mutter und ich wusste sofort was passiert ist, weil sie mich nie vormittags auf dem Handy anrufen w\u00fcrde. Ich konnte es nicht fassen, bin zusammengebrochen und habe geheult als g\u00e4be es kein Morgen mehr. Gab es f\u00fcr mich auch nicht in dem Moment, denn meine Omi war gestorben! Das gute war nur, dass sie im Kreise der Familie starb, meine Mutter war da und hat gesagt, es ging ganz schnell und sie hat sich nicht gequ\u00e4lt. Gott-sei-Dank!<\/p>\n\n\n\n<p>Ich habe noch am gleichen Abend einen Flug gebucht, am n\u00e4chsten Tag Urlaub genommen f\u00fcr die n\u00e4chste Woche und den Rest der laufenden Woche als Trauertage von der Arbeit bekommen. Am Mittwoch bin ich dann nach Deutschland geflogen und am Freitag habe ich mein Omichen nochmal gesehen, bei der Verabschiedung am offenen Sarg. Es war gut, das so zu machen. Ich wollte sie sehen, es war mir gleich, dass sie mich nicht mehr zur\u00fcck umarmen konnte. Am Sonnabend der folgenden Woche war dann die Beerdigung, das ganze Dorf war dabei. Erst als ich wieder zur\u00fcck nach Schottland geflogen bin, habe ich angefangen wieder etwas Licht zu sehen.<\/p>\n\n\n\n<p>Meine Omi ist jetzt bei Opa im Himmel und ich hoffe, sie schaut manchmal zu mir runter.<\/p>\n","protected":false},"excerpt":{"rendered":"<p>Was habe ich geschrieben Anfang Januar \u00fcber dieses &#8222;besondere&#8220; Jahr? So und nun haben wir schon das erste besondere Ereignis. Meine Omi ist gestorben und ich kann und will das&#8230; <a href=\"https:\/\/poeschic.co.uk\/blog\/2012\/01\/26\/meine-kleine-omi\/\">Read more &raquo;<\/a><\/p>\n","protected":false},"author":1,"featured_media":0,"comment_status":"open","ping_status":"closed","sticky":false,"template":"","format":"standard","meta":{"footnotes":""},"categories":[1],"tags":[],"class_list":["post-162","post","type-post","status-publish","format-standard","hentry","category-allgemein"],"_links":{"self":[{"href":"https:\/\/poeschic.co.uk\/blog\/wp-json\/wp\/v2\/posts\/162","targetHints":{"allow":["GET"]}}],"collection":[{"href":"https:\/\/poeschic.co.uk\/blog\/wp-json\/wp\/v2\/posts"}],"about":[{"href":"https:\/\/poeschic.co.uk\/blog\/wp-json\/wp\/v2\/types\/post"}],"author":[{"embeddable":true,"href":"https:\/\/poeschic.co.uk\/blog\/wp-json\/wp\/v2\/users\/1"}],"replies":[{"embeddable":true,"href":"https:\/\/poeschic.co.uk\/blog\/wp-json\/wp\/v2\/comments?post=162"}],"version-history":[{"count":1,"href":"https:\/\/poeschic.co.uk\/blog\/wp-json\/wp\/v2\/posts\/162\/revisions"}],"predecessor-version":[{"id":163,"href":"https:\/\/poeschic.co.uk\/blog\/wp-json\/wp\/v2\/posts\/162\/revisions\/163"}],"wp:attachment":[{"href":"https:\/\/poeschic.co.uk\/blog\/wp-json\/wp\/v2\/media?parent=162"}],"wp:term":[{"taxonomy":"category","embeddable":true,"href":"https:\/\/poeschic.co.uk\/blog\/wp-json\/wp\/v2\/categories?post=162"},{"taxonomy":"post_tag","embeddable":true,"href":"https:\/\/poeschic.co.uk\/blog\/wp-json\/wp\/v2\/tags?post=162"}],"curies":[{"name":"wp","href":"https:\/\/api.w.org\/{rel}","templated":true}]}}