{"id":143,"date":"2011-04-29T22:47:52","date_gmt":"2011-04-29T21:47:52","guid":{"rendered":"https:\/\/poeschic.co.uk\/blog\/?p=143"},"modified":"2020-12-02T22:21:48","modified_gmt":"2020-12-02T22:21:48","slug":"will-kates-royal-wedding","status":"publish","type":"post","link":"https:\/\/poeschic.co.uk\/blog\/2011\/04\/29\/will-kates-royal-wedding\/","title":{"rendered":"Will &#038; Kate&#8217;s Royal Wedding"},"content":{"rendered":"\n<p>Hach was war das sch\u00f6n am Freitag, den 29.04.2011. Um 10 Uhr ging es los, die Welt (inklusive meiner Wenigkeit) wartete auf den Beginn des vermutlich gr\u00f6\u00dften Ereignisses des Jahres &#8211; die Hochzeit von Prince William und Kate Middleton.<\/p>\n\n\n\n<p>William war ein paar Minuten zu sp\u00e4t, aber als es dann endlich losging, war ich wie im Rausch. William und Harry fuhren als erste los, beide in Uniform, Harry in schwarz, William in rot mit blauer Robe. Die Queen kam in Eierlik\u00f6r gelb und Philip in der gleichen Uniform wie William, Charles und Camilla und all die anderen G\u00e4ste. Sogar ein paar &#8222;Celebrities&#8220; waren eingeladen, wie Elton John und Partner und David &amp; Victoria Beckham. Man sah K\u00f6nige aus (fast) aller Welt und die wichtigsten britischen Politiker.<\/p>\n\n\n\n<figure class=\"wp-block-image size-large\"><img loading=\"lazy\" decoding=\"async\" width=\"1024\" height=\"576\" src=\"https:\/\/poeschic.co.uk\/blog\/wp-content\/uploads\/2020\/12\/will_cate-1024x576.jpg\" alt=\"\" class=\"wp-image-314\" srcset=\"https:\/\/poeschic.co.uk\/blog\/wp-content\/uploads\/2020\/12\/will_cate-1024x576.jpg 1024w, https:\/\/poeschic.co.uk\/blog\/wp-content\/uploads\/2020\/12\/will_cate-300x169.jpg 300w, https:\/\/poeschic.co.uk\/blog\/wp-content\/uploads\/2020\/12\/will_cate-768x432.jpg 768w, https:\/\/poeschic.co.uk\/blog\/wp-content\/uploads\/2020\/12\/will_cate-624x351.jpg 624w, https:\/\/poeschic.co.uk\/blog\/wp-content\/uploads\/2020\/12\/will_cate.jpg 1280w\" sizes=\"auto, (max-width: 1024px) 100vw, 1024px\" \/><\/figure>\n\n\n\n<p>Die Eheschlie\u00dfung war sch\u00f6n und emotional. Man konnte sehen, dass die Beiden sich lieben und sehr wohl wissen auf was sie sich da einlassen. Kate war einfach nur unglaublich sch\u00f6n. Das Kleid war sehr klassisch und elegant und erinnerte sehr an das Kleid von Grace Kelly.<\/p>\n\n\n\n<p>Was ich ein bisschen doof fand, war die Aufmerksamkeit der Medien gegen\u00fcber Kates j\u00fcngerer Schwester Pippa. Sie sah auch sehr h\u00fcbsch aus, aber es sollte Kates gro\u00dfer Tag sein und nichts Pippas.<\/p>\n\n\n\n<p>Nachdem alle wieder zur\u00fcck im Buckingham Palast waren, war es Zeit f\u00fcr die Photosession. Wie man sehen kann, hat William die Wichtigkeit der Familienmitglieder erheblich heruntergeschraubt hat, so waren auf dem Familienfoto nur noch die engsten Familienmitglieder zu sehen, so sein Bruder, sein Vater mit Frau und seine Gro\u00dfeltern. Von Kates Seite waren es ihre Eltern und ihre Geschwister &#8230; und nat\u00fcrlich die Blumenkinder.<\/p>\n\n\n\n<p>Zum Vergleich hier das Bild von Dianas Hochzeit.<\/p>\n\n\n\n<p>Ich hoffe, die Ehe von William und Kate (nach der Hochzeit darf nur noch Catherine gesagt werden) h\u00e4lt l\u00e4nger als so manch andere die mit gro\u00dfen Pomp gefeiert wurde.<\/p>\n","protected":false},"excerpt":{"rendered":"<p>Hach was war das sch\u00f6n am Freitag, den 29.04.2011. Um 10 Uhr ging es los, die Welt (inklusive meiner Wenigkeit) wartete auf den Beginn des vermutlich gr\u00f6\u00dften Ereignisses des Jahres&#8230; <a href=\"https:\/\/poeschic.co.uk\/blog\/2011\/04\/29\/will-kates-royal-wedding\/\">Read more &raquo;<\/a><\/p>\n","protected":false},"author":1,"featured_media":0,"comment_status":"open","ping_status":"closed","sticky":false,"template":"","format":"standard","meta":{"footnotes":""},"categories":[1],"tags":[],"class_list":["post-143","post","type-post","status-publish","format-standard","hentry","category-allgemein"],"_links":{"self":[{"href":"https:\/\/poeschic.co.uk\/blog\/wp-json\/wp\/v2\/posts\/143","targetHints":{"allow":["GET"]}}],"collection":[{"href":"https:\/\/poeschic.co.uk\/blog\/wp-json\/wp\/v2\/posts"}],"about":[{"href":"https:\/\/poeschic.co.uk\/blog\/wp-json\/wp\/v2\/types\/post"}],"author":[{"embeddable":true,"href":"https:\/\/poeschic.co.uk\/blog\/wp-json\/wp\/v2\/users\/1"}],"replies":[{"embeddable":true,"href":"https:\/\/poeschic.co.uk\/blog\/wp-json\/wp\/v2\/comments?post=143"}],"version-history":[{"count":2,"href":"https:\/\/poeschic.co.uk\/blog\/wp-json\/wp\/v2\/posts\/143\/revisions"}],"predecessor-version":[{"id":315,"href":"https:\/\/poeschic.co.uk\/blog\/wp-json\/wp\/v2\/posts\/143\/revisions\/315"}],"wp:attachment":[{"href":"https:\/\/poeschic.co.uk\/blog\/wp-json\/wp\/v2\/media?parent=143"}],"wp:term":[{"taxonomy":"category","embeddable":true,"href":"https:\/\/poeschic.co.uk\/blog\/wp-json\/wp\/v2\/categories?post=143"},{"taxonomy":"post_tag","embeddable":true,"href":"https:\/\/poeschic.co.uk\/blog\/wp-json\/wp\/v2\/tags?post=143"}],"curies":[{"name":"wp","href":"https:\/\/api.w.org\/{rel}","templated":true}]}}