{"id":132,"date":"2010-12-31T22:35:45","date_gmt":"2010-12-31T22:35:45","guid":{"rendered":"https:\/\/poeschic.co.uk\/blog\/?p=132"},"modified":"2020-11-22T22:36:35","modified_gmt":"2020-11-22T22:36:35","slug":"allen-ein-gesundes-und-schoenes-2011","status":"publish","type":"post","link":"https:\/\/poeschic.co.uk\/blog\/2010\/12\/31\/allen-ein-gesundes-und-schoenes-2011\/","title":{"rendered":"Allen ein gesundes und sch\u00f6nes 2011"},"content":{"rendered":"\n<p>Eine kleine Anekdote aus meiner Kindheit. Diese kleine Geschichte ist aus einem Schulbuch, entweder der Fibel (1. Klasse) oder dem Lesebuch der 2. Klasse. Sie ist mir in all den Jahren im Kopf geblieben.<\/p>\n\n\n\n<p>Am Silvestertag sagt die Mutter am Fr\u00fchst\u00fcckstisch zu ihren Kindern: &#8222;Ich habe heute fr\u00fch einen Mann gesehen, der hatte noch so viele Nasen wie noch Tage in diesem Jahr sind.&#8220; Die Kinder staunen und versuchen sich vorzustellen, wieviele Nasen das wohl gewesen sein k\u00f6nnen. Der Vater kommt frisch rasiert an den Tisch und sagt &#8222;Ich werde mich in diesem Jahr nicht mehr rasieren!&#8220; Wieder staunen die Kinder und Tochter Anne sagt zu ihrem Vater &#8222;Aber Papa, dann siehst du bald aus wie ein Waldgeist mit einem langen Bart&#8220;. Alle lachen. Sohn Peter schiebt seinen Teller zur Seite und murmelt &#8222;Ich werde mal nicht alles gleich essen, es muss ja noch f\u00fcr den Rest des Jahres reichen&#8220;. Der Vater prustet los, dann entdeckt er einen kleinen Fleck auf seiner Hose und fragt die Mutter, ob er noch eine saubere Hose im Schrank hat. Diese schaut ihn schelmisch an und meint &#8222;ich glaube schon, aber eines kann ich dir versprechen, ich werde erst n\u00e4chstes Jahr wieder waschen&#8220;&#8230;<\/p>\n\n\n\n<p>Ja und so k\u00f6nnte ich noch weiter schreiben.<br>Ich muss unbedingt mal gucken, ob ich die ganze Geschichte irgendwo finde.<\/p>\n\n\n\n<p>Damit w\u00fcnsche ich allen ein gesundes neues Jahr.<\/p>\n","protected":false},"excerpt":{"rendered":"<p>Eine kleine Anekdote aus meiner Kindheit. Diese kleine Geschichte ist aus einem Schulbuch, entweder der Fibel (1. Klasse) oder dem Lesebuch der 2. Klasse. Sie ist mir in all den&#8230; <a href=\"https:\/\/poeschic.co.uk\/blog\/2010\/12\/31\/allen-ein-gesundes-und-schoenes-2011\/\">Read more &raquo;<\/a><\/p>\n","protected":false},"author":1,"featured_media":0,"comment_status":"open","ping_status":"closed","sticky":false,"template":"","format":"standard","meta":{"footnotes":""},"categories":[1],"tags":[],"class_list":["post-132","post","type-post","status-publish","format-standard","hentry","category-allgemein"],"_links":{"self":[{"href":"https:\/\/poeschic.co.uk\/blog\/wp-json\/wp\/v2\/posts\/132","targetHints":{"allow":["GET"]}}],"collection":[{"href":"https:\/\/poeschic.co.uk\/blog\/wp-json\/wp\/v2\/posts"}],"about":[{"href":"https:\/\/poeschic.co.uk\/blog\/wp-json\/wp\/v2\/types\/post"}],"author":[{"embeddable":true,"href":"https:\/\/poeschic.co.uk\/blog\/wp-json\/wp\/v2\/users\/1"}],"replies":[{"embeddable":true,"href":"https:\/\/poeschic.co.uk\/blog\/wp-json\/wp\/v2\/comments?post=132"}],"version-history":[{"count":1,"href":"https:\/\/poeschic.co.uk\/blog\/wp-json\/wp\/v2\/posts\/132\/revisions"}],"predecessor-version":[{"id":133,"href":"https:\/\/poeschic.co.uk\/blog\/wp-json\/wp\/v2\/posts\/132\/revisions\/133"}],"wp:attachment":[{"href":"https:\/\/poeschic.co.uk\/blog\/wp-json\/wp\/v2\/media?parent=132"}],"wp:term":[{"taxonomy":"category","embeddable":true,"href":"https:\/\/poeschic.co.uk\/blog\/wp-json\/wp\/v2\/categories?post=132"},{"taxonomy":"post_tag","embeddable":true,"href":"https:\/\/poeschic.co.uk\/blog\/wp-json\/wp\/v2\/tags?post=132"}],"curies":[{"name":"wp","href":"https:\/\/api.w.org\/{rel}","templated":true}]}}