{"id":121,"date":"2010-10-07T22:07:40","date_gmt":"2010-10-07T21:07:40","guid":{"rendered":"https:\/\/poeschic.co.uk\/blog\/?p=121"},"modified":"2020-12-02T21:36:21","modified_gmt":"2020-12-02T21:36:21","slug":"7-oktober-1949-gruendung-der-ddr","status":"publish","type":"post","link":"https:\/\/poeschic.co.uk\/blog\/2010\/10\/07\/7-oktober-1949-gruendung-der-ddr\/","title":{"rendered":"7. Oktober 1949 &#8211; Gr\u00fcndung der DDR"},"content":{"rendered":"\n<p>Am 7.10.1949 wurde die Deutsche Demokratische Republik gegr\u00fcndet. Anders als m\u00f6glicherweise viele denken, war die DDR nicht der erste, sondern der zweite deutsche Staat. Die BRD war bereits 23.05.1949 gegr\u00fcndet worden.<\/p>\n\n\n\n<p>Die DDR war meine Heimat bis ich 18 Jahre war, meine gesamte Kindheit also. Dann wurde mir meine Heimat genommen. Da ich mich als Kind bzw. Jugendlicher noch nicht mit Politik besch\u00e4ftigte, sehe ich die DDR bis heute ganz neutral als &#8222;mein Vaterland&#8220;, was mir genommen wurde.<\/p>\n\n\n\n<p>Es war mit Sicherheit nicht alles richtig, nicht alles so wie es sein sollte, aber kommt Leute, im Westen war und ist auch nicht alles Gold was gl\u00e4nzt. Manchmal spiegelt sich nur das Sonnenlicht im Spiegel und wir st\u00fcrzen uns wie Elstern auf das Blitzen und Blinken. Es gab vieles was ich vermisse, z.B. die Solidarit\u00e4t. Das fehlt mir wirklich. Auch finde ich es schade, dass es heute fast ausschlie\u00dflich um Geld geht. In der DDR hatten nur wenige ein Telefon &#8230; und? Hat uns das umgebracht? Auf ein Auto musste man bis zu 20 Jahren warten &#8230; und? Waren unsere Stra\u00dfen nicht wesentlich ruhiger?<\/p>\n\n\n\n<p>Westfernsehen gab es in den meisten Teilen der DDR, so dass man nicht wirklich am A**** der Welt wohnte. Ich pers\u00f6nlich habe mich jedenfalls immer als recht informiert empfunden, was das Leben im Westen anging. Der Vergleich Tagesschau &#8211; Aktuelle Kamera war auch immer ein Spa\u00df, weil es in den DDR Nachrichten meist nur um irgendwelche Planerf\u00fcllungen ging, in der Tagesschau dagegen von Arbeitslosenzahlen und Arbeitgeber\/Arbeitnehmer Arbeitsm\u00e4rkten die Rede war.<\/p>\n\n\n\n<p>Ich wollte 1989 auch eine Ver\u00e4nderung, eine Wende, aber ich wollte nie diesen w\u00fcrdelosen &#8222;Tod&#8220; und das komplette Verschwinden meines Landes von der Landkarte. Manchmal f\u00fchle ich mich heimatlos, denn das Land in dem ich geboren wurde, existiert nicht mehr&#8230;<\/p>\n\n\n\n<p>Ostalgie 2010.<\/p>\n\n\n\n<p><a href=\"http:\/\/www.osthits.de\/\">Ossi Hits<br><\/a><a href=\"http:\/\/www.ostprodukteladen.de\/\">Ostprodukteladen<br><\/a><a href=\"http:\/\/www.kaufhalle-des-ostens.de\/\">Kaufhalle des Ostens<br><\/a><a href=\"http:\/\/www.ddr-wissen.de\/\">DDR Wissen<br><\/a><a href=\"http:\/\/www.ostprodukte-versand.de\/index.php\">Ostprodukte Versand<\/a><\/p>\n\n\n\n<p>Happy Birthday &#8230; and R.I.P. &#8230; Deutsche Demokratische Republik!<\/p>\n","protected":false},"excerpt":{"rendered":"<p>Am 7.10.1949 wurde die Deutsche Demokratische Republik gegr\u00fcndet. Anders als m\u00f6glicherweise viele denken, war die DDR nicht der erste, sondern der zweite deutsche Staat. Die BRD war bereits 23.05.1949 gegr\u00fcndet&#8230; <a href=\"https:\/\/poeschic.co.uk\/blog\/2010\/10\/07\/7-oktober-1949-gruendung-der-ddr\/\">Read more &raquo;<\/a><\/p>\n","protected":false},"author":1,"featured_media":0,"comment_status":"open","ping_status":"closed","sticky":false,"template":"","format":"standard","meta":{"footnotes":""},"categories":[1],"tags":[26,24],"class_list":["post-121","post","type-post","status-publish","format-standard","hentry","category-allgemein","tag-deutschland","tag-politik"],"_links":{"self":[{"href":"https:\/\/poeschic.co.uk\/blog\/wp-json\/wp\/v2\/posts\/121","targetHints":{"allow":["GET"]}}],"collection":[{"href":"https:\/\/poeschic.co.uk\/blog\/wp-json\/wp\/v2\/posts"}],"about":[{"href":"https:\/\/poeschic.co.uk\/blog\/wp-json\/wp\/v2\/types\/post"}],"author":[{"embeddable":true,"href":"https:\/\/poeschic.co.uk\/blog\/wp-json\/wp\/v2\/users\/1"}],"replies":[{"embeddable":true,"href":"https:\/\/poeschic.co.uk\/blog\/wp-json\/wp\/v2\/comments?post=121"}],"version-history":[{"count":1,"href":"https:\/\/poeschic.co.uk\/blog\/wp-json\/wp\/v2\/posts\/121\/revisions"}],"predecessor-version":[{"id":122,"href":"https:\/\/poeschic.co.uk\/blog\/wp-json\/wp\/v2\/posts\/121\/revisions\/122"}],"wp:attachment":[{"href":"https:\/\/poeschic.co.uk\/blog\/wp-json\/wp\/v2\/media?parent=121"}],"wp:term":[{"taxonomy":"category","embeddable":true,"href":"https:\/\/poeschic.co.uk\/blog\/wp-json\/wp\/v2\/categories?post=121"},{"taxonomy":"post_tag","embeddable":true,"href":"https:\/\/poeschic.co.uk\/blog\/wp-json\/wp\/v2\/tags?post=121"}],"curies":[{"name":"wp","href":"https:\/\/api.w.org\/{rel}","templated":true}]}}