{"id":119,"date":"2010-10-03T22:01:26","date_gmt":"2010-10-03T21:01:26","guid":{"rendered":"https:\/\/poeschic.co.uk\/blog\/?p=119"},"modified":"2020-12-02T21:32:55","modified_gmt":"2020-12-02T21:32:55","slug":"20-jahre-deutsche-einheit","status":"publish","type":"post","link":"https:\/\/poeschic.co.uk\/blog\/2010\/10\/03\/20-jahre-deutsche-einheit\/","title":{"rendered":"20 Jahre Deutsche Einheit"},"content":{"rendered":"\n<p>Herzlichen Gl\u00fcckwunsch, 20 Jahre Deutschland!<\/p>\n\n\n\n<figure class=\"wp-block-image size-large\"><img loading=\"lazy\" decoding=\"async\" width=\"606\" height=\"341\" src=\"https:\/\/poeschic.co.uk\/blog\/wp-content\/uploads\/2020\/12\/d20.jpg\" alt=\"\" class=\"wp-image-299\" srcset=\"https:\/\/poeschic.co.uk\/blog\/wp-content\/uploads\/2020\/12\/d20.jpg 606w, https:\/\/poeschic.co.uk\/blog\/wp-content\/uploads\/2020\/12\/d20-300x169.jpg 300w\" sizes=\"auto, (max-width: 606px) 100vw, 606px\" \/><\/figure>\n\n\n\n<p>Nach der Wende war urspr\u00fcnglich der Tag des Mauerfalls von 1989, der 9. November, als Nationalfeiertag vorgesehen. Wegen der Datumsgleichheit mit dem Hitler-Ludendorff-Putsch von 1923 sowie der Novemberpogrome 1938 galt dieses Datum als ungeeignet, so dass der 3. Oktober, der Tag an dem die deutsche Einheit vollzogen wurde, als Nationalfeiertag festgelegt wurde.<\/p>\n\n\n\n<p>Grund f\u00fcr die Wahl des 3. Oktobers war, dass im Laufe der Ereignisse des Jahres 1990 seitens der&nbsp;DDR&nbsp;aus Furcht vor einem wirtschaftlichen und politischen Zusammenbruch ein fr\u00fcher Termin angestrebt wurde und Mittwoch, der 3. Oktober 1990 der fr\u00fchestm\u00f6gliche Termin war, der nach der KSZE-Au\u00dfenministerkonferenz vom 2. Oktober lag, in der diese Au\u00dfenminister \u00fcber das Ergebnis der Zwei-plus-Vier-Verhandlungen informiert werden sollten: Anfang Juli hatten die Regierungen der beiden deutschen Staaten einen Zeitplan beschlossen, der f\u00fcr den 14. Oktober Landtagswahlen in der&nbsp;DDR&nbsp;und gesamtdeutsche Wahlen f\u00fcr den 2. Dezember vorsah.<\/p>\n\n\n\n<p>In der Folge kam es, w\u00e4hrend die Verhandlungen zum Einigungsvertrag liefen, sowohl in der&nbsp;DDRals auch in der Bundesrepublik zu politischen Debatten \u00fcber Wahlrechts\u2013 und Datumsfragen. Parallel verschlechterte sich die wirtschaftliche Situation in der&nbsp;DDR&nbsp;zusehends, so dass Lothar de Maizi\u00e8re, nach der ersten freien Volkskammerwahl DDR-Ministerpr\u00e4sident, auf einen m\u00f6glichst fr\u00fchen Beitrittstermin dr\u00e4ngte. Anfang August scheiterte allerdings im Bundestag ein Vorziehen des Termins der gesamtdeutschen Wahl auf den 14. Oktober, so dass es hierf\u00fcr beim 2. Dezember blieb. Vor diesem terminlichen Hintergrund der angesetzten gemeinsamen Wahl und dem geltenden deutschen Wahlrecht waren W\u00e4hlerlisten sp\u00e4testens 8&nbsp;Wochen vor der Wahl zu erstellen.<\/p>\n\n\n\n<p>Dieser Termin war Sonntag, der 7. Oktober 1990. Folglich mussten alle W\u00e4hler sp\u00e4testens im Verlaufe der 40.&nbsp;KW&nbsp;zum B\u00fcrger des w\u00e4hlenden Staates gemacht werden. Der hierf\u00fcr fr\u00fchest m\u00f6gliche Beitrittstermin ergibt sich aus dem Beschluss des Bundeskabinetts: \u201eDer Bundesregierung erscheint jeder Beitrittstermin sinnvoll, der nach dem 2. Oktober liegt.\u201c Die Festlegung des Termins erfolgte schlie\u00dflich in einer am 22. August von DDR-Ministerpr\u00e4sident de Maizi\u00e8re beantragten Sondersitzung der Volkskammer, die um 21 Uhr begann. Nach hitziger Debatte gab die Pr\u00e4sidentin der Volkskammer, Sabine Bergmann-Pohl, um 02:30 Uhr am 23. August als Abstimmungsergebnis bekannt:<\/p>\n\n\n\n<p>\u201eDie Volkskammer erkl\u00e4rt den Beitritt der&nbsp;DDR&nbsp;zum Geltungsbereich des Grundgesetzes der Bundesrepublik Deutschland gem\u00e4\u00df Artikel 23 des Grundgesetzes mit der Wirkung vom 3. Oktober 1990. Das liegt Ihnen in der Drucksache Nr. 201 vor. Abgegeben wurden 363 Stimmen. Davon ist keine ung\u00fcltige Stimme abgegeben worden. Mit Ja haben 294 Abgeordnete gestimmt. (Starker Beifall der&nbsp;CDU\/DA,&nbsp;DSU,&nbsp;FDP, teilweise der&nbsp;SPD, die Abgeordneten der genannten Fraktionen erheben sich von den Pl\u00e4tzen).\u201c<\/p>\n\n\n\n<p>\u201eMit Nein haben 62 Abgeordnete gestimmt, und sieben Abgeordnete haben sich der Stimme enthalten. Meine Damen und Herren, ich glaube, das ist ein wirklich historisches Ereignis. Wir haben uns die Entscheidung alle sicher nicht leicht gemacht, aber wir haben sie heute in Verantwortung vor den B\u00fcrgern der&nbsp;DDR&nbsp;in der Folge ihres W\u00e4hlerwillens getroffen. Ich danke allen, die dieses Ergebnis im Konsens \u00fcber Parteigrenzen hinweg erm\u00f6glicht haben.\u201c<\/p>\n\n\n\n<p>In einer daran anschlie\u00dfenden pers\u00f6nlichen Erkl\u00e4rung antwortet der SED-PDS-Vorsitzende Gregor Gysi bedauernd: \u201eDas Parlament hat soeben nicht mehr und nicht weniger als den Untergang der Deutschen Demokratischen Republik zum 3. Oktober 1990 (jubelnder Beifall bei der&nbsp;CDU\/DA, der&nbsp;DSU&nbsp;und teilweise der&nbsp;SPD) beschlossen.\u201c<\/p>\n","protected":false},"excerpt":{"rendered":"<p>Herzlichen Gl\u00fcckwunsch, 20 Jahre Deutschland! Nach der Wende war urspr\u00fcnglich der Tag des Mauerfalls von 1989, der 9. November, als Nationalfeiertag vorgesehen. Wegen der Datumsgleichheit mit dem Hitler-Ludendorff-Putsch von 1923&#8230; <a href=\"https:\/\/poeschic.co.uk\/blog\/2010\/10\/03\/20-jahre-deutsche-einheit\/\">Read more &raquo;<\/a><\/p>\n","protected":false},"author":1,"featured_media":0,"comment_status":"open","ping_status":"closed","sticky":false,"template":"","format":"standard","meta":{"footnotes":""},"categories":[1],"tags":[26,24],"class_list":["post-119","post","type-post","status-publish","format-standard","hentry","category-allgemein","tag-deutschland","tag-politik"],"_links":{"self":[{"href":"https:\/\/poeschic.co.uk\/blog\/wp-json\/wp\/v2\/posts\/119","targetHints":{"allow":["GET"]}}],"collection":[{"href":"https:\/\/poeschic.co.uk\/blog\/wp-json\/wp\/v2\/posts"}],"about":[{"href":"https:\/\/poeschic.co.uk\/blog\/wp-json\/wp\/v2\/types\/post"}],"author":[{"embeddable":true,"href":"https:\/\/poeschic.co.uk\/blog\/wp-json\/wp\/v2\/users\/1"}],"replies":[{"embeddable":true,"href":"https:\/\/poeschic.co.uk\/blog\/wp-json\/wp\/v2\/comments?post=119"}],"version-history":[{"count":2,"href":"https:\/\/poeschic.co.uk\/blog\/wp-json\/wp\/v2\/posts\/119\/revisions"}],"predecessor-version":[{"id":300,"href":"https:\/\/poeschic.co.uk\/blog\/wp-json\/wp\/v2\/posts\/119\/revisions\/300"}],"wp:attachment":[{"href":"https:\/\/poeschic.co.uk\/blog\/wp-json\/wp\/v2\/media?parent=119"}],"wp:term":[{"taxonomy":"category","embeddable":true,"href":"https:\/\/poeschic.co.uk\/blog\/wp-json\/wp\/v2\/categories?post=119"},{"taxonomy":"post_tag","embeddable":true,"href":"https:\/\/poeschic.co.uk\/blog\/wp-json\/wp\/v2\/tags?post=119"}],"curies":[{"name":"wp","href":"https:\/\/api.w.org\/{rel}","templated":true}]}}